{"id":28880,"date":"2024-02-15T20:44:11","date_gmt":"2024-02-15T20:44:11","guid":{"rendered":"https:\/\/arabcouncil.net\/?p=28880"},"modified":"2024-02-15T20:44:11","modified_gmt":"2024-02-15T20:44:11","slug":"appel-urgent-pour-arreter-lescalade-au-soudan","status":"publish","type":"post","link":"https:\/\/arabcouncil.foundation\/fr\/2024\/02\/appel-urgent-pour-arreter-lescalade-au-soudan\/","title":{"rendered":"Appel urgent pour arr\u00eater l&rsquo;escalade au Soudan"},"content":{"rendered":"<p style=\"text-align: center;\">samedi 15 avril 2023<\/p>\n<p>&nbsp;<\/p>\n<p>&nbsp;<\/p>\n<p>La Fondation Conseil arabe exprime sa ferme condamnation des violents affrontements qui ont \u00e9clat\u00e9 ce matin, samedi 15 avril 2023, entre l&rsquo;arm\u00e9e soudanaise et les Forces de soutien rapide dans plusieurs zones de Khartoum, notamment aux abords du palais pr\u00e9sidentiel, et d&rsquo;autres zones de le pays, en particulier la ville de M\u00e9ro\u00e9, qui a provoqu\u00e9 la panique parmi les citoyens non arm\u00e9s et leur fuite massive dans les zones de combat qui ont commenc\u00e9 \u00e0 assister \u00e0 la chute des victimes.<\/p>\n<p>Le Conseil arabe appelle les deux parties au conflit \u00e0 faire preuve de retenue, \u00e0 mettre fin aux affrontements et \u00e0 ne pas s&rsquo;impliquer dans des effusions de sang ou d\u00e9truire des installations d&rsquo;une mani\u00e8re qui entrave une solution politique et approfondit la crise qui fait rage depuis le coup d&rsquo;\u00c9tat contre l&rsquo;autorit\u00e9 civile qui a eu lieu le 15 octobre 2021.<\/p>\n<p>Le Conseil affirme que la seule solution \u00e0 la crise du Soudan fr\u00e8re est d&rsquo;acc\u00e9l\u00e9rer la mise en \u0153uvre de l&rsquo;accord politique conclu et sign\u00e9 le 5 d\u00e9cembre dernier, afin de r\u00e9tablir la voie de la transition d\u00e9mocratique civile et de fermer l&rsquo;arc de coup d&rsquo;\u00c9tat et ing\u00e9rence ext\u00e9rieure grossi\u00e8re.<\/p>\n<p>Pour la Fondation du Conseil Arabe<\/p>\n<p>Pr\u00e9sident Moncef Marzouki<\/p>\n<p>Courriel : contact@arabcouncil.foundation<\/p>\n","protected":false},"excerpt":{"rendered":"<p>samedi 15 avril 2023 &nbsp; &nbsp; La Fondation Conseil arabe [&hellip;]<\/p>\n","protected":false},"author":1,"featured_media":28511,"comment_status":"open","ping_status":"open","sticky":false,"template":"","format":"standard","meta":{"footnotes":""},"categories":[359],"tags":[],"aioseo_notices":[],"_links":{"self":[{"href":"https:\/\/arabcouncil.foundation\/fr\/wp-json\/wp\/v2\/posts\/28880"}],"collection":[{"href":"https:\/\/arabcouncil.foundation\/fr\/wp-json\/wp\/v2\/posts"}],"about":[{"href":"https:\/\/arabcouncil.foundation\/fr\/wp-json\/wp\/v2\/types\/post"}],"author":[{"embeddable":true,"href":"https:\/\/arabcouncil.foundation\/fr\/wp-json\/wp\/v2\/users\/1"}],"replies":[{"embeddable":true,"href":"https:\/\/arabcouncil.foundation\/fr\/wp-json\/wp\/v2\/comments?post=28880"}],"version-history":[{"count":1,"href":"https:\/\/arabcouncil.foundation\/fr\/wp-json\/wp\/v2\/posts\/28880\/revisions"}],"predecessor-version":[{"id":28881,"href":"https:\/\/arabcouncil.foundation\/fr\/wp-json\/wp\/v2\/posts\/28880\/revisions\/28881"}],"wp:featuredmedia":[{"embeddable":true,"href":"https:\/\/arabcouncil.foundation\/fr\/wp-json\/wp\/v2\/media\/28511"}],"wp:attachment":[{"href":"https:\/\/arabcouncil.foundation\/fr\/wp-json\/wp\/v2\/media?parent=28880"}],"wp:term":[{"taxonomy":"category","embeddable":true,"href":"https:\/\/arabcouncil.foundation\/fr\/wp-json\/wp\/v2\/categories?post=28880"},{"taxonomy":"post_tag","embeddable":true,"href":"https:\/\/arabcouncil.foundation\/fr\/wp-json\/wp\/v2\/tags?post=28880"}],"curies":[{"name":"wp","href":"https:\/\/api.w.org\/{rel}","templated":true}]}}