{"id":28878,"date":"2024-02-15T20:42:54","date_gmt":"2024-02-15T20:42:54","guid":{"rendered":"https:\/\/arabcouncil.net\/?p=28878"},"modified":"2024-02-15T20:42:54","modified_gmt":"2024-02-15T20:42:54","slug":"condamnant-le-nouveau-crime-odieux-contre-le-peuple-palestinien","status":"publish","type":"post","link":"https:\/\/arabcouncil.foundation\/fr\/2024\/02\/condamnant-le-nouveau-crime-odieux-contre-le-peuple-palestinien\/","title":{"rendered":"Condamnant le nouveau crime odieux contre le peuple palestinien"},"content":{"rendered":"<header class=\"single-page-title\">\n<h2 dir=\"ltr\" style=\"text-align: center;\">5 avril 2023<\/h2>\n<\/header>\n<p>Le Conseil arabe exprime sa pleine condamnation du crime odieux commis hier par les forces d&rsquo;occupation isra\u00e9liennes lors de leur invasion de la mosqu\u00e9e Al-Aqsa, profanant ses terrains et agressant brutalement les fid\u00e8les tout en arr\u00eatant des centaines de Palestiniens et en emp\u00eachant des milliers d&rsquo;entrer dans la cour de la mosqu\u00e9e.<\/p>\n<p>Le Conseil consid\u00e8re ce crime r\u00e9pr\u00e9hensible, ainsi que l&rsquo;invasion qui l&rsquo;accompagne de colons extr\u00e9mistes dans la cour de la mosqu\u00e9e sous la stricte garde des forces d&rsquo;occupation, un acte de provocation dangereux qui refl\u00e8te l&rsquo;ampleur de l&rsquo;extr\u00e9misme et de la brutalit\u00e9 de l&rsquo;occupation, ainsi que l&rsquo;absence de stricte contre les attaques r\u00e9p\u00e9t\u00e9es contre le peuple palestinien et ses lieux saints.<\/p>\n<p>\u00c0 la lumi\u00e8re du silence arabe officiel et de la poursuite des voies de normalisation et d&rsquo;alliance avec l&rsquo;autorit\u00e9 occupante dans plus d&rsquo;un \u00c9tat arabe, sans la moindre pr\u00e9occupation pour la violation des droits des Palestiniens et des lieux saints de la nation, le Conseil arabe appelle les peuples arabes \u00e0 s&rsquo;engager dans des mouvements populaires pacifiques pour rejeter ces crimes r\u00e9p\u00e9t\u00e9s et soutenir notre peuple palestinien in\u00e9branlable, afin de pr\u00e9server les valeurs de chevalerie et de solidarit\u00e9 entre les peuples de cette nation menac\u00e9e.<\/p>\n<p>Pour la Fondation Conseil Arabe<\/p>\n<p> Pr\u00e9sident Moncef Marzouki<\/p>\n","protected":false},"excerpt":{"rendered":"<p>5 avril 2023 Le Conseil arabe exprime sa pleine condamnation [&hellip;]<\/p>\n","protected":false},"author":1,"featured_media":28501,"comment_status":"open","ping_status":"open","sticky":false,"template":"","format":"standard","meta":{"footnotes":""},"categories":[359],"tags":[],"aioseo_notices":[],"_links":{"self":[{"href":"https:\/\/arabcouncil.foundation\/fr\/wp-json\/wp\/v2\/posts\/28878"}],"collection":[{"href":"https:\/\/arabcouncil.foundation\/fr\/wp-json\/wp\/v2\/posts"}],"about":[{"href":"https:\/\/arabcouncil.foundation\/fr\/wp-json\/wp\/v2\/types\/post"}],"author":[{"embeddable":true,"href":"https:\/\/arabcouncil.foundation\/fr\/wp-json\/wp\/v2\/users\/1"}],"replies":[{"embeddable":true,"href":"https:\/\/arabcouncil.foundation\/fr\/wp-json\/wp\/v2\/comments?post=28878"}],"version-history":[{"count":1,"href":"https:\/\/arabcouncil.foundation\/fr\/wp-json\/wp\/v2\/posts\/28878\/revisions"}],"predecessor-version":[{"id":28879,"href":"https:\/\/arabcouncil.foundation\/fr\/wp-json\/wp\/v2\/posts\/28878\/revisions\/28879"}],"wp:featuredmedia":[{"embeddable":true,"href":"https:\/\/arabcouncil.foundation\/fr\/wp-json\/wp\/v2\/media\/28501"}],"wp:attachment":[{"href":"https:\/\/arabcouncil.foundation\/fr\/wp-json\/wp\/v2\/media?parent=28878"}],"wp:term":[{"taxonomy":"category","embeddable":true,"href":"https:\/\/arabcouncil.foundation\/fr\/wp-json\/wp\/v2\/categories?post=28878"},{"taxonomy":"post_tag","embeddable":true,"href":"https:\/\/arabcouncil.foundation\/fr\/wp-json\/wp\/v2\/tags?post=28878"}],"curies":[{"name":"wp","href":"https:\/\/api.w.org\/{rel}","templated":true}]}}