{"id":28836,"date":"2024-02-15T20:14:35","date_gmt":"2024-02-15T20:14:35","guid":{"rendered":"https:\/\/arabcouncil.net\/?p=28836"},"modified":"2024-02-15T20:14:35","modified_gmt":"2024-02-15T20:14:35","slug":"tawakkol-karman-legerie-dun-mouvement-protestataire","status":"publish","type":"post","link":"https:\/\/arabcouncil.foundation\/fr\/2024\/02\/tawakkol-karman-legerie-dun-mouvement-protestataire\/","title":{"rendered":"TAWAKKOL KARMAN, L&rsquo;\u00c9G\u00c9RIE D&rsquo;UN MOUVEMENT PROTESTATAIRE"},"content":{"rendered":"<p>Par Amandine Th\u00e9venon &#8211; Article paru dans le magazine AMNESTY n\u00b0 89, Juin 2017<\/p>\n<p>Lorsqu\u2019elle arrive dans la salle, c\u2019est une bouff\u00e9e d\u2019air frais, un arc-en-ciel de couleurs, un souffle d\u2019\u00e9nergie qui vous renversent et vous couperaient presque la parole. Tawakkol Karman, premi\u00e8re femme arabe \u00e0 avoir re\u00e7u le prix Nobel de la paix, vous \u00e9treint de fa\u00e7on si naturelle que vous en oublieriez presque qui elle est.<\/p>\n<p>La d\u00e9fenseuse des droits humains d\u00e9gage de l\u2019enthousiasme et une joie de vivre naturelle. Ses paroles inspirantes, qu\u2019elle accompagne avec ses mains, charment. Mais sous sa douceur et son sourire se cache une femme engag\u00e9e et forte, qui se bat depuis des ann\u00e9es pour un Y\u00e9men en paix. \u00abJe ne m\u2019engage pas uniquement pour les droits des femmes, mais pour tous les droits et surtout pour la libert\u00e9 d\u2019expression\u00bb, r\u00e9v\u00e8le-t-elle.<\/p>\n<p>Tawakkol na\u00eet en 1979 \u00e0 Ta\u2019izz au Y\u00e9men. Entour\u00e9e de neuf fr\u00e8res et s\u0153urs, la cinqui\u00e8me fille de l\u2019homme politique Abdel Salam Karman grandit dans un environnement qui ne fait pas la diff\u00e9rence entre gar\u00e7ons et filles, sous les yeux d\u2019un p\u00e8re qui lui fait lire tr\u00e8s t\u00f4t les journaux et lui apprend \u00e0 d\u00e9velopper sa fa\u00e7on de penser. Soutenue par sa famille, elle \u00e9tudie le commerce et les sciences politiques \u00e0 Sanaa, avant de compl\u00e9ter son parcours par un doctorat en droit international \u00e0 l\u2019Universit\u00e9 de l\u2019Alberta au Canada. Durant cette p\u00e9riode, Tawakkol Karman \u00e9crit des articles pour le journal de l\u2019universit\u00e9 et pour des sites d\u2019information.<\/p>\n<p>En 2005, elle cr\u00e9e l\u2019organisation non gouvernementale \u00abFemmes journalistes sans cha\u00eenes\u00bb, dans le but de d\u00e9fendre en premier lieu la libert\u00e9 de penser et d\u2019expression. Celle-ci \u0153uvre pour que les jeunes et les femmes puissent acqu\u00e9rir des comp\u00e9tences journalistiques afin d\u2019am\u00e9liorer le paysage m\u00e9diatique au Y\u00e9men. \u00c0 partir de 2007, elle organise les premiers rassemblements estudiantins pacifiques sur la place du Changement \u00e0 Sanaa, la capitale, afin de protester contre le gouvernement du pr\u00e9sident Ali Abdallah Saleh et de militer en faveur des droits humains. Ce sont ces manifestations qui ont donn\u00e9 le coup d\u2019envoi du soul\u00e8vement, dans le sillage du Printemps arabe.<\/p>\n<p>R\u00e9compens\u00e9e pour sa lutte<\/p>\n<p>Le 7 octobre 2011, \u00e0 32 ans, la Y\u00e9m\u00e9nite est r\u00e9compens\u00e9e par le prix Nobel de la paix qu\u2019elle partage avec deux Lib\u00e9riennes pour \u00ableur lutte non violente pour la s\u00e9curit\u00e9 des femmes\u00bb. Elle ne fait pas de diff\u00e9rence entre l\u2019avant et l\u2019apr\u00e8s-prix Nobel. \u00abMon engagement et mon combat restent les m\u00eames\u00bb, souligne-t-elle. Par contre, ce prix lui a permis de traverser les fronti\u00e8res et d\u2019obtenir des mandats internationaux. Elle a pu rencontrer d\u2019autres d\u00e9fenseuses et d\u00e9fenseurs des droits humains. Cela lui a ouvert les yeux sur le fait qu\u2019elle n\u2019est pas la seule \u00e0 s\u2019engager pour les droits humains dans le monde, et que d\u2019autres pays vivent \u00e9galement des temps difficiles. \u00abJ\u2019\u00e9tais concentr\u00e9e sur le Y\u00e9men, sur la r\u00e9volution pacifique, je m\u2019engageais surtout pour le droit des femmes et des jeunes, les rencontres que j\u2019ai faites m\u2019ont permis de donner de la visibilit\u00e9 au conflit dans mon pays.\u00bb<\/p>\n<p>\u00abNOUS SOUFFRONS AUJOURD\u2019HUI DE LA CONTRE-R\u00c9VOLUTION, D\u2019UNE GUERRE HORRIBLE\u00bb<\/p>\n<p>La guerre oubli\u00e9e<\/p>\n<p>Lorsqu\u2019elle aborde la situation du Y\u00e9men d\u2019aujourd\u2019hui, le sourire de Tawakkol Karman s\u2019efface, le ton devient plus grave. \u00abNous souffrons aujourd\u2019hui de la contre-r\u00e9volution, d\u2019une guerre horrible, et il est important que le monde le sache.\u00bb La guerre est, selon la Y\u00e9m\u00e9nite, le r\u00e9sultat du coup d\u2019\u00c9tat mont\u00e9 par l\u2019ancien pr\u00e9sident Ali Abdallah Saleh et par les rebelles houthis, milices chiites du nord du Y\u00e9men soutenues par l\u2019Iran. Il s\u2019agit d\u2019une vengeance orchestr\u00e9e par le dictateur, qui a \u00e9t\u00e9 chass\u00e9 du pays en 2012 par la r\u00e9volution pacifique. Le Y\u00e9men est d\u00e9sormais pi\u00e9g\u00e9 entre les tirs des rebelles houthis, de l\u2019Iran et de l\u2019ancien pr\u00e9sident. Le conflit arm\u00e9, d\u00e9clench\u00e9 en 2015 par une coalition internationale men\u00e9e par l\u2019Arabie saoudite, s\u2019est \u00e9tendu, et les combats ont touch\u00e9 la totalit\u00e9 du pays. Depuis deux ans, plus de 12 000 civils ont \u00e9t\u00e9 tu\u00e9s ou bless\u00e9s, et la crise humanitaire ne cesse de s\u2019aggraver. \u00abDes mesures humanitaires doivent \u00eatre prises pour aider les Y\u00e9m\u00e9nites. Le peuple meurt de faim\u00bb, explique la militante.<\/p>\n<p>\u00abDES MESURES HUMANITAIRES DOIVENT \u00caTRE PRISES POUR AIDER LES Y\u00c9M\u00c9NITES. LE PEUPLE MEURT DE FAIM\u00bb<\/p>\n<p>Un combat pour son peuple<\/p>\n<p>Face \u00e0 la crise au Y\u00e9men, Tawakkol Karman a pris conscience qu\u2019elle se devait d\u2019aider son pays. \u00abJe n\u2019attendais pas de r\u00e9ponse de quelqu\u2019un d\u2019autre, je me suis dit : je dois \u00eatre en premi\u00e8re ligne pour aider mon peuple.\u00bb La journaliste s\u2019est engag\u00e9e corps et \u00e2me dans la r\u00e9volution, m\u00eame si les d\u00e9buts n\u2019ont pas \u00e9t\u00e9 des plus faciles. \u00abOui, j\u2019ai eu des difficult\u00e9s, les gens se moquaient de moi et se demandaient ce que je pouvais bien faire en tant que femme.\u00bb Elle n\u2019a pas \u00e9t\u00e9 adul\u00e9e d\u00e8s les premiers jours, mais ne s\u2019est jamais laiss\u00e9 d\u00e9moraliser. \u00abJ\u2019allais de trottoir en trottoir pour dire aux gens de se r\u00e9veiller, d\u2019ouvrir les yeux sur la situation au Y\u00e9men.\u00bb C\u2019est en 2011, apr\u00e8s la r\u00e9volution tunisienne, que tout s\u2019est encha\u00een\u00e9 ; la population y\u00e9m\u00e9nite a commenc\u00e9 \u00e0 se poser des questions et \u00e0 \u00e9couter la jeune femme. Puis Tawakkol Karman s\u2019est fait emprisonner par le r\u00e9gime du pr\u00e9sident Ali Abdallah Saleh. Cela a \u00e9t\u00e9 le d\u00e9clenchement. \u00abAli Saleh a essay\u00e9 de me faire taire, mais tout ce qu\u2019il a r\u00e9ussi \u00e0 faire, c\u2019est rendre ma voix plus forte\u00bb, dit-elle fi\u00e8rement.<\/p>\n<p>La \u00abM\u00e8re de la r\u00e9volution\u00bb<\/p>\n<p>Apr\u00e8s son s\u00e9jour en prison, \u00e9court\u00e9 par les manifestations des Y\u00e9m\u00e9nites sortis dans la rue pour demander sa lib\u00e9ration, c\u2019est en tant que \u00abM\u00e8re de la r\u00e9volution\u00bb que Tawakkol Karman revient sur le devant de la sc\u00e8ne contestataire. Quand on lui demande comment elle a h\u00e9rit\u00e9 de ce surnom dans un pays conservateur comme le Y\u00e9men, o\u00f9 les droits des femmes ne sont pas une priorit\u00e9, elle r\u00e9pond en souriant : \u00abMon pays respecte les femmes\u00bb, et ajoute : \u00abSi une femme d\u00e9cide de se mettre en premi\u00e8re ligne, de s&rsquo;engager pour la libert\u00e9 de son pays et de se sacrifier pour les droits humains, la diff\u00e9rence entre un homme et une femme n\u2019existe plus.\u00bb Certaines personnes esp\u00e8rent m\u00eame qu&rsquo;elle devienne un jour pr\u00e9sidente du Y\u00e9men. La jeune trentenaire est devenue la figure embl\u00e9matique de la r\u00e9volution. Mais elle ne se mettra jamais en avant. Elle pr\u00e9f\u00e8re f\u00e9liciter son peuple en qui elle a une confiance absolue. \u00abLorsque vous d\u00e9cidez de diriger sans avoir peur de personne, les gens vous suivent, m\u00eame les conservateurs\u00bb, d\u00e9clare Tawakkol Karman avec conviction.<\/p>\n<p>\u00abMON PAYS, LE Y\u00c9MEN RESPECTE LES FEMMES.\u00bb<\/p>\n<p>Aujourd\u2019hui, elle continue de lutter pacifiquement. \u00abNous continuons de penser que la paix est la seule solution face \u00e0 la violence.\u00bb Une paix durable. Celle-ci implique un cessez-le-feu imm\u00e9diat. Puis Tawakkol Karman scande : \u00abNous avons besoin de justice !\u00bb Cela signifie, entre autres, que les droits des victimes doivent \u00eatre reconnus et que les dirigeants, dont l\u2019ancien dictateur du Y\u00e9men, soient jug\u00e9s, sanctionn\u00e9s et exclus de la sph\u00e8re politique et publique.<\/p>\n<p>Elle baisse le ton, et reprend d\u2019un air grave : \u00abCette guerre doit cesser, mais nous \u00e9chouerons si nous n\u2019avons pas pour objectif une paix durable.\u00bb Il reste bien du travail, mais Tawakkol Karman ne perd pas espoir. Elle a confiance en la force de son peuple, qui d\u00e9sire et m\u00e9rite la paix plus que tout.<\/p>\n","protected":false},"excerpt":{"rendered":"<p>Par Amandine Th\u00e9venon &#8211; Article paru dans le magazine AMNESTY [&hellip;]<\/p>\n","protected":false},"author":1,"featured_media":28837,"comment_status":"open","ping_status":"open","sticky":false,"template":"","format":"standard","meta":{"footnotes":""},"categories":[108],"tags":[],"aioseo_notices":[],"_links":{"self":[{"href":"https:\/\/arabcouncil.foundation\/fr\/wp-json\/wp\/v2\/posts\/28836"}],"collection":[{"href":"https:\/\/arabcouncil.foundation\/fr\/wp-json\/wp\/v2\/posts"}],"about":[{"href":"https:\/\/arabcouncil.foundation\/fr\/wp-json\/wp\/v2\/types\/post"}],"author":[{"embeddable":true,"href":"https:\/\/arabcouncil.foundation\/fr\/wp-json\/wp\/v2\/users\/1"}],"replies":[{"embeddable":true,"href":"https:\/\/arabcouncil.foundation\/fr\/wp-json\/wp\/v2\/comments?post=28836"}],"version-history":[{"count":1,"href":"https:\/\/arabcouncil.foundation\/fr\/wp-json\/wp\/v2\/posts\/28836\/revisions"}],"predecessor-version":[{"id":28840,"href":"https:\/\/arabcouncil.foundation\/fr\/wp-json\/wp\/v2\/posts\/28836\/revisions\/28840"}],"wp:featuredmedia":[{"embeddable":true,"href":"https:\/\/arabcouncil.foundation\/fr\/wp-json\/wp\/v2\/media\/28837"}],"wp:attachment":[{"href":"https:\/\/arabcouncil.foundation\/fr\/wp-json\/wp\/v2\/media?parent=28836"}],"wp:term":[{"taxonomy":"category","embeddable":true,"href":"https:\/\/arabcouncil.foundation\/fr\/wp-json\/wp\/v2\/categories?post=28836"},{"taxonomy":"post_tag","embeddable":true,"href":"https:\/\/arabcouncil.foundation\/fr\/wp-json\/wp\/v2\/tags?post=28836"}],"curies":[{"name":"wp","href":"https:\/\/api.w.org\/{rel}","templated":true}]}}