{"id":28831,"date":"2024-02-15T20:12:26","date_gmt":"2024-02-15T20:12:26","guid":{"rendered":"https:\/\/arabcouncil.net\/?p=28831"},"modified":"2024-02-15T20:12:26","modified_gmt":"2024-02-15T20:12:26","slug":"moncef-marzouki-loccident-doit-nous-aider-a-parachever-le-printemps-arabe","status":"publish","type":"post","link":"https:\/\/arabcouncil.foundation\/fr\/2024\/02\/moncef-marzouki-loccident-doit-nous-aider-a-parachever-le-printemps-arabe\/","title":{"rendered":"Moncef Marzouki : l\u2019Occident doit nous aider \u00e0 parachever le \u00ab\u200aprintemps arabe\u200a\u00bb"},"content":{"rendered":"<p>https:\/\/www.lemonde.fr\/idees\/article\/2017\/01\/23\/moncef-marzouki-l-occident-doit-nous-aider-a-parachever-le-printemps-arabe_5067306_3232.html<br \/>\nQuel est le point commun entre l\u2019attentat qui a tu\u00e9 12 personnes \u00e0 Berlin le 19 d\u00e9cembre 2016 et celui qui a co\u00fbt\u00e9 la vie \u00e0 85 personnes \u00e0 Nice le 14 Juillet 2016 ?<\/p>\n<p>La haine des Occidentaux ! Pas seulement. Ils ont \u00e9t\u00e9 commis par mes compatriotes, par des Tunisiens qui ont frapp\u00e9 aussi en Tunisie m\u00eame et ce \u00e0 plusieurs reprise. Les attentats n\u2019ont pas cess\u00e9 depuis 2010, les pires ayant co\u00fbt\u00e9 la vie \u00e0 24 touristes lors de l\u2019attaque du mus\u00e9e du Bardo \u00e0 Tunis le 18 mars 2015 et \u00e0 39 autres \u00e0 Sousse le 26 juin 2015. De plus les terroristes tunisiens sont \u00e0 l\u2019\u0153uvre que ce soit en Libye, en Irak ou en Syrie ou leur nombre est estim\u00e9 entre 3500 et 5000.<\/p>\n<p>Comment se fait-il qu\u2019un pays d\u2019\u00e0 peine 12 millions d\u2019habitants puisse avoir une telle sur- repr\u00e9sentation dans le monde du terrorisme international? Plus curieux comment peut-il avoir aussi une surrepr\u00e9sentation \u00e0 l\u2019\u00e9chelle internationale dans le domaine de la d\u00e9fense des droits de l\u2019homme ?<\/p>\n<p>En 1997, Amnesty International (AI) se dote d\u2019un pr\u00e9sident tunisien : Mahmoud Ben Romdhane. En 2007, la premi\u00e8re femme \u00e0 pr\u00e9sider la F\u00e9d\u00e9ration Internationale des droits de l\u2019homme(FIDH) est une tunisienne : Mme Souhayr Belhassen. J\u2019ai \u00e9t\u00e9 moi-m\u00eame de 1996 \u00e0 2002 \u00e0 la t\u00eate d\u2019une organisation arabe et un d\u2019un r\u00e9seau africain de d\u00e9fenseurs des droits de l\u2019homme.<\/p>\n<p>La Suite sur le site de Le monde: https:\/\/www.lemonde.fr\/idees\/article\/2017\/01\/23\/moncef-marzouki-l-occident-doit-nous-aider-a-parachever-le-printemps-arabe_5067306_3232.html<\/p>\n","protected":false},"excerpt":{"rendered":"<p>https:\/\/www.lemonde.fr\/idees\/article\/2017\/01\/23\/moncef-marzouki-l-occident-doit-nous-aider-a-parachever-le-printemps-arabe_5067306_3232.html Quel est le point commun entre l\u2019attentat qui a [&hellip;]<\/p>\n","protected":false},"author":1,"featured_media":28832,"comment_status":"open","ping_status":"open","sticky":false,"template":"","format":"standard","meta":{"footnotes":""},"categories":[108],"tags":[],"aioseo_notices":[],"_links":{"self":[{"href":"https:\/\/arabcouncil.foundation\/fr\/wp-json\/wp\/v2\/posts\/28831"}],"collection":[{"href":"https:\/\/arabcouncil.foundation\/fr\/wp-json\/wp\/v2\/posts"}],"about":[{"href":"https:\/\/arabcouncil.foundation\/fr\/wp-json\/wp\/v2\/types\/post"}],"author":[{"embeddable":true,"href":"https:\/\/arabcouncil.foundation\/fr\/wp-json\/wp\/v2\/users\/1"}],"replies":[{"embeddable":true,"href":"https:\/\/arabcouncil.foundation\/fr\/wp-json\/wp\/v2\/comments?post=28831"}],"version-history":[{"count":1,"href":"https:\/\/arabcouncil.foundation\/fr\/wp-json\/wp\/v2\/posts\/28831\/revisions"}],"predecessor-version":[{"id":28835,"href":"https:\/\/arabcouncil.foundation\/fr\/wp-json\/wp\/v2\/posts\/28831\/revisions\/28835"}],"wp:featuredmedia":[{"embeddable":true,"href":"https:\/\/arabcouncil.foundation\/fr\/wp-json\/wp\/v2\/media\/28832"}],"wp:attachment":[{"href":"https:\/\/arabcouncil.foundation\/fr\/wp-json\/wp\/v2\/media?parent=28831"}],"wp:term":[{"taxonomy":"category","embeddable":true,"href":"https:\/\/arabcouncil.foundation\/fr\/wp-json\/wp\/v2\/categories?post=28831"},{"taxonomy":"post_tag","embeddable":true,"href":"https:\/\/arabcouncil.foundation\/fr\/wp-json\/wp\/v2\/tags?post=28831"}],"curies":[{"name":"wp","href":"https:\/\/api.w.org\/{rel}","templated":true}]}}